{"id":5752,"date":"2020-03-17T20:15:11","date_gmt":"2020-03-17T20:15:11","guid":{"rendered":"http:\/\/imas12.es\/en\/?p=5752"},"modified":"2020-03-17T20:51:34","modified_gmt":"2020-03-17T20:51:34","slug":"covid-19-informacion-y-actuaciones-internas-instituto-i12","status":"publish","type":"post","link":"https:\/\/imas12.es\/en\/covid-19-informacion-y-actuaciones-internas-instituto-i12\/","title":{"rendered":"COVID-19 \u2013 Informaci\u00f3n y actuaciones internas \u2013 Instituto i+12"},"content":{"rendered":"<p><a href=\"https:\/\/www.comunidad.madrid\/servicios\/salud\/covid-19-comunicados\" target=\"_blank\" rel=\"noopener\"><img loading=\"lazy\" decoding=\"async\" class=\"alignnone wp-image-6987\" src=\"https:\/\/imas12.es\/wp-content\/uploads\/2020\/03\/comunicados2-300x45.png\" alt=\"\" width=\"507\" height=\"76\" \/> <\/a><a href=\"https:\/\/covid19.isciii.es\/\" target=\"_blank\" rel=\"noopener\"><img loading=\"lazy\" decoding=\"async\" class=\"alignnone wp-image-7009\" src=\"https:\/\/imas12.es\/wp-content\/uploads\/2020\/03\/COVID-19_3-300x33.jpg\" alt=\"\" width=\"500\" height=\"55\" \/><\/a><\/p>\n<p><a href=\"https:\/\/coronavirusbiblioh12o.wordpress.com\/\" target=\"_blank\" rel=\"noopener\"><img loading=\"lazy\" decoding=\"async\" class=\"alignleft\" src=\"https:\/\/cendoc.h12o.es\/blog\/wp-content\/uploads\/2020\/03\/coronavirus-2.png\" alt=\"coronavirus\" width=\"91\" height=\"50\" \/><\/a><\/p>\n<p>Acceso al blog de &#8220;Recursos de informaci\u00f3n sobre infecci\u00f3n por Coronavirus COVID-19&#8221; elaborado por el equipo de Documentaci\u00f3n Cient\u00edfica del Instituto i+12.<\/p>\n<h4><\/h4>\n<h4><span style=\"text-decoration: underline;color: #f18e00\"><strong>COMUNICADOS Instituto i+12<\/strong><\/span><\/h4>\n<p style=\"font-weight: 400\"><strong>13\/03\/2020 &#8211;\u00a0<\/strong>Informamos que de acuerdo a las Medidas extraordinarias de contenci\u00f3n reforzada establecidas por la Consejer\u00eda de Sanidad de la Comunidad de Madrid, para combatir la expansi\u00f3n del coronavirus (COVID-19), se hace necesaria la puesta en macha de acciones destinadas a promover el distanciamiento social y que minimicen los contactos f\u00edsicos.<\/p>\n<p style=\"font-weight: 400\">Por este motivo se requiere a aquellos profesionales que necesiten realizar gestiones en el Instituto de Investigaci\u00f3n Hospital 12 de Octubre, contacten a trav\u00e9s de las siguientes direcciones de correo electr\u00f3nico.<\/p>\n<ul>\n<li style=\"font-weight: 400\"><strong>Fundaci\u00f3n Investigaci\u00f3n Biom\u00e9dica. \u00c1rea de Gesti\u00f3n Econ\u00f3mico-Administrativa:<\/strong>\u00a0<a href=\"mailto:fundacion.hdoc@salud.madrid.org\">fundacion.hdoc@salud.madrid.org<\/a><\/li>\n<li style=\"font-weight: 400\"><strong>Apoyo a la Innovaci\u00f3n:\u00a0<\/strong><a href=\"mailto:innovacion.imas12@h12o.es\">innovacion.imas12@h12o.es<\/a><\/li>\n<li style=\"font-weight: 400\"><strong>Biblioteca:<\/strong>\u00a0<a href=\"mailto:josemanuel.estrada@salud.madrid.org\">josemanuel.estrada@salud.madrid.org<\/a><\/li>\n<li style=\"font-weight: 400\"><strong>Calidad y Planificaci\u00f3n estrat\u00e9gica:<\/strong>\u00a0<a href=\"mailto:iis@h12o.es\">iis@h12o.es<\/a><\/li>\n<li style=\"font-weight: 400\"><strong>Proyectos internacionales:\u00a0<\/strong><a href=\"mailto:javier.delacruz@salud.madrid.org\">javier.delacruz@salud.madrid.org<\/a><\/li>\n<li style=\"font-weight: 400\"><strong>Secretar\u00eda t\u00e9cnica CEIm<\/strong>:\u00a0<a href=\"mailto:ceicdoc@h12o.es\">ceicdoc@h12o.es<\/a>\u00a0;\u00a0<a href=\"mailto:stecnicacei@h12o.es\">stecnicacei@h12o.es<\/a><\/li>\n<li style=\"font-weight: 400\"><strong>Tramitaci\u00f3n de Proyectos:<\/strong>\u00a0<a href=\"mailto:proyectos.imas12@h12o.es\">proyectos.imas12@h12o.es<\/a><\/li>\n<li style=\"font-weight: 400\"><strong>Unidad de Sistemas de Informaci\u00f3n<\/strong>:\u00a0\u00a0<a href=\"mailto:soporteinformatico.imas12@h12o.es\">soporteinformatico.imas12@h12o.es<\/a><\/li>\n<li style=\"font-weight: 400\"><strong>Unidad de Soporte Cientifico:\u00a0<\/strong><a href=\"mailto:soportecientifico.imas12@h12o.es\">soportecientifico.imas12@h12o.es<\/a><\/li>\n<li style=\"font-weight: 400\"><strong>Unidad de Soporte Cient\u00edfico (Ensayos cl\u00ednicos y EPAs):\u00a0<\/strong><a href=\"mailto:soporteensayos.imas12@h12o.es\">soporteensayos.imas12@h12o.es<\/a><\/li>\n<\/ul>\n<p style=\"font-weight: 400;padding-left: 30px\">o en el tel\u00e9fono:\u00a0<strong>659496544<\/strong><\/p>\n<p style=\"font-weight: 400;padding-left: 30px\">Os recordamos que estas medidas tienen car\u00e1cter transitorio, se comunicar\u00e1 cualquier cambio que se pudiera producir.<\/p>\n<p>&nbsp;<\/p>\n<p style=\"font-weight: 400\"><strong>06\/03\/2020 &#8211;<\/strong>\u00a0En relaci\u00f3n la reciente comunicaci\u00f3n de la Consejer\u00eda de Sanidad de la Comunidad de Madrid, sobre las medidas preventivas ante el nuevo coronavirus COVID19, desde la direcci\u00f3n del Instituto i+12,\u00a0<strong>se insta a que se interrumpan la estancia de los alumnos que est\u00e1n realizando actualmente alguna estancia de investigaci\u00f3n<\/strong>\u00a0en el centro, hasta pr\u00f3ximo aviso.<\/p>\n<p style=\"padding-left: 30px\">No obstante, se contactar\u00e1 con las universidades correspondientes para notificarles esta situaci\u00f3n para que nos indiquen c\u00f3mo proceder.<\/p>\n<p>&nbsp;<\/p>\n<p><strong>06\/03\/2020 &#8211;<\/strong>\u00a0Ante las dudas surgidas, en cuanto a c\u00f3mo afectan al personal del Instituto de Investigaci\u00f3n Hospital 12 de Octubre (i+12) las\u00a0<strong>INSTRUCCIONES Y NORMAS ORGANIZATIVAS DE LA CONSEJER\u00cdA DE SANIDAD DE LA COMUNIDAD DE MADRID PARA PROFESIONALES DEL SERVICIO MADRILE\u00d1O DE SALUD EN RELACI\u00d3N CON PREVENCI\u00d3N DE LA INFECCI\u00d3N POR EL NUEVO CORONAVIRUS:<\/strong><\/p>\n<ul>\n<li style=\"font-weight: 400\">Se suspenden todos los permisos para asistencia a cursos, congresos, jornadas o convenciones, tanto nacionales como internacionales.<\/li>\n<li style=\"font-weight: 400\">Se aplaza toda la actividad formativa presencial programada en el centro sanitario, excepto la que sea totalmente imprescindible.<\/li>\n<li style=\"font-weight: 400\">Se pueden mantener reuniones internas que no supongan afluencia de personas no habituales del centro sanitario (sesiones, reuniones del servicio, etc\u2026).<\/li>\n<li style=\"font-weight: 400\">Deber\u00e1n aplazarse los eventos que conlleven asistencia de personas ajenas al centro sanitario.<\/li>\n<\/ul>\n<p style=\"font-weight: 400;padding-left: 30px\"><strong><u>Se informa que estas instrucciones y normas son aplicables a todo el personal del i+12, tanto investigador como de gesti\u00f3n de la investigaci\u00f3n<\/u><\/strong><\/p>\n<p>&nbsp;<\/p>\n<p><strong>04\/03\/2020<\/strong> &#8211; <strong>I<\/strong><strong>NSTRUCCIONES Y NORMAS ORGANIZATIVAS DE LA CONSEJER\u00cdA DE SANIDAD DE LA COMUNIDAD DE MADRID PARA PROFESIONALES DEL SERVICIO MADRILE\u00d1O DE SALUD EN RELACI\u00d3N CON PREVENCI\u00d3N DE LA INFECCI\u00d3N POR EL NUEVO CORONAVIRUS<\/strong><\/p>\n<ul>\n<li>Se suspenden todos los permisos para asistencia a cursos, congresos, jornadas o convenciones, tanto nacionales como internacionales.<\/li>\n<li style=\"font-weight: 400\">Se aplaza toda la actividad formativa presencial programada en el centro sanitario, excepto la que sea totalmente imprescindible.<\/li>\n<li style=\"font-weight: 400\">Se pueden mantener reuniones internas que no supongan afluencia de personas no habituales del centro sanitario (sesiones, reuniones del servicio, etc\u2026).<\/li>\n<li style=\"font-weight: 400\">Deber\u00e1n aplazarse los eventos que conlleven asistencia de personas ajenas al centro sanitario.<\/li>\n<\/ul>\n<p style=\"font-weight: 400\">Estas normas son de aplicaci\u00f3n a todos los trabajadores de los centros y dispositivos sanitarios del Servicio Madrile\u00f1o de Salud. Las medidas establecidas se adecuar\u00e1n a la situaci\u00f3n epidemiol\u00f3gica de cada momento y estar\u00e1n en\u00a0vigor hasta nuevo aviso.<\/p>\n","protected":false},"excerpt":{"rendered":"<p>Acceso al blog de &#8220;Recursos de informaci\u00f3n sobre infecci\u00f3n por Coronavirus COVID-19&#8221; elaborado por el equipo de Documentaci\u00f3n Cient\u00edfica del Instituto i+12. COMUNICADOS Instituto i+12 13\/03\/2020 &#8211;\u00a0Informamos que de acuerdo a las Medidas extraordinarias de contenci\u00f3n reforzada establecidas por la&#8230;<\/p>\n","protected":false},"author":8,"featured_media":5757,"comment_status":"closed","ping_status":"closed","sticky":false,"template":"","format":"standard","meta":{"footnotes":""},"categories":[1],"tags":[],"class_list":["post-5752","post","type-post","status-publish","format-standard","has-post-thumbnail","hentry","category-sin-categoria"],"_links":{"self":[{"href":"https:\/\/imas12.es\/en\/wp-json\/wp\/v2\/posts\/5752","targetHints":{"allow":["GET"]}}],"collection":[{"href":"https:\/\/imas12.es\/en\/wp-json\/wp\/v2\/posts"}],"about":[{"href":"https:\/\/imas12.es\/en\/wp-json\/wp\/v2\/types\/post"}],"author":[{"embeddable":true,"href":"https:\/\/imas12.es\/en\/wp-json\/wp\/v2\/users\/8"}],"replies":[{"embeddable":true,"href":"https:\/\/imas12.es\/en\/wp-json\/wp\/v2\/comments?post=5752"}],"version-history":[{"count":8,"href":"https:\/\/imas12.es\/en\/wp-json\/wp\/v2\/posts\/5752\/revisions"}],"predecessor-version":[{"id":5758,"href":"https:\/\/imas12.es\/en\/wp-json\/wp\/v2\/posts\/5752\/revisions\/5758"}],"wp:featuredmedia":[{"embeddable":true,"href":"https:\/\/imas12.es\/en\/wp-json\/wp\/v2\/media\/5757"}],"wp:attachment":[{"href":"https:\/\/imas12.es\/en\/wp-json\/wp\/v2\/media?parent=5752"}],"wp:term":[{"taxonomy":"category","embeddable":true,"href":"https:\/\/imas12.es\/en\/wp-json\/wp\/v2\/categories?post=5752"},{"taxonomy":"post_tag","embeddable":true,"href":"https:\/\/imas12.es\/en\/wp-json\/wp\/v2\/tags?post=5752"}],"curies":[{"name":"wp","href":"https:\/\/api.w.org\/{rel}","templated":true}]}}